{"id":75,"date":"2013-11-12T08:33:48","date_gmt":"2013-11-12T06:33:48","guid":{"rendered":"http:\/\/disco.teak.fi\/tilakuvaatteet\/?p=75"},"modified":"2025-11-06T17:17:03","modified_gmt":"2025-11-06T14:17:03","slug":"6-euroopan-keskiaika-ja-islam","status":"publish","type":"post","link":"https:\/\/disco.teak.fi\/tila\/6-euroopan-keskiaika-ja-islam\/","title":{"rendered":"<span>6<\/span> Euroopan keskiaika ja islam"},"content":{"rendered":"\n<p class=\"wp-block-paragraph\">\u201dKeskiaika\u201d on j\u00e4lleen yksi taidehistoriaa ja historiaa laajemminkin m\u00e4\u00e4rittelev\u00e4 termi, joka on luotu j\u00e4lkik\u00e4teen v\u00e4h\u00e4ttelev\u00e4ss\u00e4 mieless\u00e4. Sill\u00e4 tarkoitettiin ik\u00e4\u00e4n kuin v\u00e4likautta, joka erotti toisistaan antiikin ja renessanssin (joka j\u00e4lleen nosti antiikin perinteen arvoonsa). Keskiaikaa on usein kutsuttu my\u00f6s \u201dpime\u00e4ksi\u201d kaudeksi. K\u00e4sitys on erheellinen, sill\u00e4 keskiaika oli nimenomaan kollektiivisen uskon aikakausi, joka synnytti ymp\u00e4ri Eurooppaa suuria katedraaleja ja luostareita. Lis\u00e4ksi gotiikan aikakautena kehittyi erityinen valon teologia.<\/p>\n\n\n\n<p class=\"wp-block-paragraph\">Keskiajalla tarkoitetaan aikaa n. 400\u20131400 jaa. Varhaiskesiajalla n. 400\u20131000-luvuilla l\u00e4ntisen kristinuskon roomalaisvaikutteinen perinne kohtasi Euroopan pohjoisille ja l\u00e4ntisille alueille levitess\u00e4\u00e4n varhaisemman, ei kristillisen perinteen. T\u00e4m\u00e4n kohtaamisen ainutlaatuinen hedelm\u00e4 oli kristillinen iiril\u00e4inen kulttuuri, joka kukoisti Irlannissa 600\u2013800-luvuilla.<\/p>\n\n\n\n<p class=\"wp-block-paragraph\">Saksassa elvytettiin ajatus uudesta, kristityst\u00e4 Rooman valtakunnasta. T\u00e4m\u00e4, kuningas Kaarle suuren mukaan nimetty <em>karolinginen<\/em> periodi ajoittui n. 750\u2013800. <em>Romaaniseksi<\/em> kutsuttu tyyli puolestaan muotoutui 1000-luvun tienoilla kun pyhiinvaellusreittien varsille rakennettiin monumentaalisia katedraaleja. Uusi rakennusteknologia sek\u00e4 uudet teologiset ja esteettiset aatteet synnyttiv\u00e4t 1100-luvun Ranskassa <em>gotiikaksi<\/em> kutsutun tyylin, joka v\u00e4hitellen levisi muuallekin Eurooppaan.<\/p>\n\n\n\n<p class=\"wp-block-paragraph\">Keskiajan Eurooppaa ymp\u00e4r\u00f6i etel\u00e4ss\u00e4 ja id\u00e4ss\u00e4 uusi vihollinen, islamilainen maailma. Islam levisi nopeaa vauhtia syntysijoiltaan Arabian niemimaalta L\u00e4hi-it\u00e4\u00e4n, Intiaan, Pohjois-Afrikkaan ja 700-luvulla Etel\u00e4-Espanjaan, joka s\u00e4ilyi islamilaisena aina 1400-luvulle saakka. Islamilainen kulttuuri oli perinyt monia tieteen saavutuksia (matematiikka, geometria jne.) hellenistisest\u00e4 maailmasta. Islamin juuret olivat juutalaisuudessa kuten kristinuskonkin, mutta se p\u00e4\u00e4tyi kristillisest\u00e4 perinteest\u00e4 t\u00e4ysin poikkeavaan kuvalliseen kulttuuriin, joka esitell\u00e4\u00e4n luvun loppuosassa.<\/p>\n","protected":false},"excerpt":{"rendered":"<p>\u201dKeskiaika\u201d on j\u00e4lleen yksi taidehistoriaa ja historiaa laajemminkin m\u00e4\u00e4rittelev\u00e4 termi, joka on luotu j\u00e4lkik\u00e4teen v\u00e4h\u00e4ttelev\u00e4ss\u00e4 [&hellip;]<\/p>\n","protected":false},"author":2,"featured_media":857,"comment_status":"closed","ping_status":"closed","sticky":false,"template":"","format":"standard","meta":{"footnotes":""},"categories":[8,13],"tags":[],"class_list":["post-75","post","type-post","status-publish","format-standard","has-post-thumbnail","hentry","category-euroopan-keskiaika-ja-islam","category-tila-kuva-aatteet"],"_links":{"self":[{"href":"https:\/\/disco.teak.fi\/tila\/wp-json\/wp\/v2\/posts\/75","targetHints":{"allow":["GET"]}}],"collection":[{"href":"https:\/\/disco.teak.fi\/tila\/wp-json\/wp\/v2\/posts"}],"about":[{"href":"https:\/\/disco.teak.fi\/tila\/wp-json\/wp\/v2\/types\/post"}],"author":[{"embeddable":true,"href":"https:\/\/disco.teak.fi\/tila\/wp-json\/wp\/v2\/users\/2"}],"replies":[{"embeddable":true,"href":"https:\/\/disco.teak.fi\/tila\/wp-json\/wp\/v2\/comments?post=75"}],"version-history":[{"count":8,"href":"https:\/\/disco.teak.fi\/tila\/wp-json\/wp\/v2\/posts\/75\/revisions"}],"predecessor-version":[{"id":2223,"href":"https:\/\/disco.teak.fi\/tila\/wp-json\/wp\/v2\/posts\/75\/revisions\/2223"}],"wp:featuredmedia":[{"embeddable":true,"href":"https:\/\/disco.teak.fi\/tila\/wp-json\/wp\/v2\/media\/857"}],"wp:attachment":[{"href":"https:\/\/disco.teak.fi\/tila\/wp-json\/wp\/v2\/media?parent=75"}],"wp:term":[{"taxonomy":"category","embeddable":true,"href":"https:\/\/disco.teak.fi\/tila\/wp-json\/wp\/v2\/categories?post=75"},{"taxonomy":"post_tag","embeddable":true,"href":"https:\/\/disco.teak.fi\/tila\/wp-json\/wp\/v2\/tags?post=75"}],"curies":[{"name":"wp","href":"https:\/\/api.w.org\/{rel}","templated":true}]}}