{"id":95,"date":"2013-11-12T08:44:03","date_gmt":"2013-11-12T06:44:03","guid":{"rendered":"http:\/\/disco.teak.fi\/tilakuvaatteet\/?p=95"},"modified":"2025-11-06T21:21:11","modified_gmt":"2025-11-06T18:21:11","slug":"3-antiikin-maailma-kreikan-ja-rooman-taide","status":"publish","type":"post","link":"https:\/\/disco.teak.fi\/tila\/3-antiikin-maailma-kreikan-ja-rooman-taide\/","title":{"rendered":"<span>3<\/span> Antiikin maailma: Kreikan ja Rooman taide"},"content":{"rendered":"\n<p class=\"wp-block-paragraph\">V\u00e4limeren it\u00e4osassa alkoi 700-luvulla eaa. muotoutua kulttuuri, joka loi pitk\u00e4lti pohjan sille mit\u00e4 \u201dl\u00e4nsimaisella sivilisaatiolla\u201d nyky\u00e4\u00e4n tarkoitetaan. T\u00e4ll\u00e4 kreikkalaisella kulttuurilla, joka 300-luvulla eaa. sulautettiin osaksi Rooman valtakuntaa, oli kuitenkin edelt\u00e4j\u00e4ns\u00e4. Aigeianmeren saaristossa kukoisti puoli vuosituhatta, n. 2000\u20131450 ns. aigeialainen kulttuuri ja Manner-Kreikassa n. 1800\u20131200 eaa. ns. helladinen kulttuuri.<\/p>\n\n\n\n<p class=\"wp-block-paragraph\">Varsinainen kreikkalainen kulttuuri alkoi muotoutua 700-luvun lopulla eaa. Sen \u201dklassisena\u201d pidetty kausi oli lyhyt, n. 400\u2013338 eaa. Kauden kuvanveiston ja arkkitehtuurin saavutuksia on l\u00e4nsimaissa kunnioitettu klassisina ihanteina meid\u00e4n aikoihimme saakka. Hellenistisell\u00e4 kaudella, Aleksanteri Suuren valloitusten my\u00f6t\u00e4 ulkopuoliset vaikutteet sekoittuivat voimallisesti kreikkalaiseen perinteeseen pohjustaen Rooman valtakunnan kosmopoliittista kulttuuria.<\/p>\n\n\n\n<p class=\"wp-block-paragraph\">Roomalaisten ekspansion my\u00f6t\u00e4 Kreikka imaistiin osaksi Rooman kasvavaa valtakuntaa. Roomalaiset ihailivat Kreikan kulttuurin saavutuksia, ry\u00f6stiv\u00e4t sielt\u00e4 taideteoksia, kopioivat niit\u00e4 ja kutsuivat kreikkalaisia taiteilijoita Roomaan. Valtakunnan laajetessa kaikkien aikojen suurimmaksi imperiumiksi roomalaistettu kreikkalainen perinne levisi muualle Eurooppaan sek\u00e4 L\u00e4hi-it\u00e4\u00e4n ja Pohjois-Afrikkaan.<\/p>\n\n\n\n<p class=\"wp-block-paragraph\">Kristinuskon tultua 300-luvulla jaa. Rooman viralliseksi uskonnoksi kristillinen<br>taide kasvoi pitk\u00e4lti juuri Rooman virallisen taiteen pohjalta. It\u00e4isen ja l\u00e4ntisen kristinuskon (ortodoksinen ja katolinen kirkko) v\u00e4hitellen erkaantuessa toisistaan tuli l\u00e4ntisest\u00e4 kirkosta roomalaisen ja it\u00e4isest\u00e4 kristinuskosta kreikkalaisen perinteen jatkaja. <\/p>\n\n\n\n<p class=\"wp-block-paragraph\">Antiikin taiteen keskeiset periodit ovat:<\/p>\n\n\n\n<ul class=\"wp-block-list\">\n<li>Kykladien taide n. 2600\u20131100 eaa.<\/li>\n\n\n\n<li>Kreetan minolainen taide n. 2000\u20131400 eaa.<\/li>\n\n\n\n<li>Mykenel\u00e4inen kulttuuri n. 1500\u20131100 eaa.<\/li>\n\n\n\n<li>Kreikan taide n. 800 eaa.\u201330 jaa.<\/li>\n<\/ul>\n\n\n\n<p class=\"wp-block-paragraph\">&nbsp;<\/p>\n","protected":false},"excerpt":{"rendered":"<p>V\u00e4limeren it\u00e4osassa alkoi 700-luvulla eaa. muotoutua kulttuuri, joka loi pitk\u00e4lti pohjan sille mit\u00e4 \u201dl\u00e4nsimaisella sivilisaatiolla\u201d [&hellip;]<\/p>\n","protected":false},"author":2,"featured_media":854,"comment_status":"closed","ping_status":"closed","sticky":false,"template":"","format":"standard","meta":{"footnotes":""},"categories":[6,13],"tags":[],"class_list":["post-95","post","type-post","status-publish","format-standard","has-post-thumbnail","hentry","category-antiikin-maailma-kreikan-ja-rooman-taide","category-tila-kuva-aatteet"],"_links":{"self":[{"href":"https:\/\/disco.teak.fi\/tila\/wp-json\/wp\/v2\/posts\/95","targetHints":{"allow":["GET"]}}],"collection":[{"href":"https:\/\/disco.teak.fi\/tila\/wp-json\/wp\/v2\/posts"}],"about":[{"href":"https:\/\/disco.teak.fi\/tila\/wp-json\/wp\/v2\/types\/post"}],"author":[{"embeddable":true,"href":"https:\/\/disco.teak.fi\/tila\/wp-json\/wp\/v2\/users\/2"}],"replies":[{"embeddable":true,"href":"https:\/\/disco.teak.fi\/tila\/wp-json\/wp\/v2\/comments?post=95"}],"version-history":[{"count":9,"href":"https:\/\/disco.teak.fi\/tila\/wp-json\/wp\/v2\/posts\/95\/revisions"}],"predecessor-version":[{"id":2202,"href":"https:\/\/disco.teak.fi\/tila\/wp-json\/wp\/v2\/posts\/95\/revisions\/2202"}],"wp:featuredmedia":[{"embeddable":true,"href":"https:\/\/disco.teak.fi\/tila\/wp-json\/wp\/v2\/media\/854"}],"wp:attachment":[{"href":"https:\/\/disco.teak.fi\/tila\/wp-json\/wp\/v2\/media?parent=95"}],"wp:term":[{"taxonomy":"category","embeddable":true,"href":"https:\/\/disco.teak.fi\/tila\/wp-json\/wp\/v2\/categories?post=95"},{"taxonomy":"post_tag","embeddable":true,"href":"https:\/\/disco.teak.fi\/tila\/wp-json\/wp\/v2\/tags?post=95"}],"curies":[{"name":"wp","href":"https:\/\/api.w.org\/{rel}","templated":true}]}}